{"id":1349,"date":"2025-09-18T08:53:30","date_gmt":"2025-09-18T06:53:30","guid":{"rendered":"https:\/\/termalligetlenti.hu\/?p=1349"},"modified":"2025-09-19T09:32:00","modified_gmt":"2025-09-19T07:32:00","slug":"nyilt-napok-a-termal-liget-lentiben-oktoberben","status":"publish","type":"post","link":"https:\/\/termalligetlenti.hu\/de\/nyilt-napok-a-termal-liget-lentiben-oktoberben\/","title":{"rendered":"Offene Tage im Oktober \u2013 Wir freuen uns auf Ihren Besuch"},"content":{"rendered":"<h2 data-start=\"125\" data-end=\"198\">\ud83c\udf42 Wir laden Sie herzlich zu unseren Besichtigungstagen im Oktober ein<\/h2>\n<p data-start=\"200\" data-end=\"507\">Wir freuen uns, Sie zu unseren n\u00e4chsten <strong data-start=\"240\" data-end=\"290\">Besichtigungstagen vom 9. bis 11. Oktober 2025<\/strong> im Wohnpark <strong data-start=\"303\" data-end=\"325\">Term\u00e1l Liget Lenti<\/strong> einzuladen. Es ist eine gro\u00dfartige Gelegenheit, die neu entstehenden H\u00e4user, die Umgebung und die technischen Besonderheiten dieses einzigartigen Projekts pers\u00f6nlich kennenzulernen.<\/p>\n<p data-start=\"509\" data-end=\"602\">\ud83d\udccd <strong data-start=\"512\" data-end=\"520\">Ort:<\/strong> Lenti, Viola utca<br data-start=\"538\" data-end=\"541\" \/>\ud83d\udcc5 <strong data-start=\"544\" data-end=\"554\">Datum:<\/strong> 9., 10. und 11. Oktober 2025 (Donnerstag-Samstag).\u00a0 Die zum Verkauf stehenden H\u00e4user k\u00f6nnen auch nach vorheriger Terminvereinbarung besichtigt werden.<\/p>\n<p><img loading=\"lazy\" decoding=\"async\" class=\"alignnone size-medium wp-image-1383\" src=\"https:\/\/termalligetlenti.hu\/wp-content\/uploads\/2025\/09\/de2-300x286.jpg\" alt=\"\" width=\"300\" height=\"286\" srcset=\"https:\/\/termalligetlenti.hu\/wp-content\/uploads\/2025\/09\/de2-300x286.jpg 300w, https:\/\/termalligetlenti.hu\/wp-content\/uploads\/2025\/09\/de2.jpg 392w\" sizes=\"auto, (max-width: 300px) 100vw, 300px\" \/><\/p>\n<hr data-start=\"604\" data-end=\"607\" \/>\n<h3 data-start=\"609\" data-end=\"641\">\ud83c\udfe1 Was erwartet Sie vor Ort?<\/h3>\n<ul data-start=\"643\" data-end=\"873\">\n<li data-start=\"643\" data-end=\"703\">\n<p data-start=\"645\" data-end=\"703\">Besichtigung eines <strong data-start=\"664\" data-end=\"692\">schl\u00fcsselfertigen Hauses<\/strong><\/p>\n<\/li>\n<li data-start=\"704\" data-end=\"769\">\n<p data-start=\"706\" data-end=\"769\">Informationen zu den anderen Hausvarianten und Bauabschnitten<\/p>\n<\/li>\n<li data-start=\"770\" data-end=\"873\">\n<p data-start=\"772\" data-end=\"873\">Pers\u00f6nliche Beratung zu <strong data-start=\"796\" data-end=\"873\">technischen Details, Ausstattung, Zeitplan und Finanzierungsm\u00f6glichkeiten<\/strong><\/p>\n<\/li>\n<\/ul>\n<h3 data-start=\"880\" data-end=\"908\">\ud83d\udee0 Technische Highlights<\/h3>\n<p data-start=\"910\" data-end=\"1049\">Der Wohnpark Term\u00e1l Liget Lenti bietet mehr als nur sch\u00f6ne H\u00e4user \u2013 hier entsteht ein durchdachtes, nachhaltiges und modernes Lebensumfeld:<\/p>\n<p data-start=\"1051\" data-end=\"1525\">\u2705 Insgesamt sind 16 freistehende Einfamilienh\u00e4user mit 4 unterschiedlichen Grundrissvarianten geplant. 7 H\u00e4user stehen bereits \u2013 die weiteren befinden sich in fortlaufender Bauphase.<br \/>\n\u2705 <strong data-start=\"1133\" data-end=\"1153\">Energieklasse AA<\/strong>, nahezu null Energiebedarf<br data-start=\"1180\" data-end=\"1183\" \/>\u2705 <strong data-start=\"1185\" data-end=\"1206\">W\u00e4rmepumpensystem<\/strong> f\u00fcr Heizung<br data-start=\"1230\" data-end=\"1233\" \/>\u2705 <strong data-start=\"1235\" data-end=\"1256\">Holzfaser-D\u00e4mmung<\/strong> mit hervorragenden Isoliereigenschaften<br data-start=\"1296\" data-end=\"1299\" \/>\u2705 <strong data-start=\"1301\" data-end=\"1318\">Eichenparkett<\/strong>, hochwertige Holzfenster mit moderner Beschattung<br data-start=\"1368\" data-end=\"1371\" \/>\u2705 <strong data-start=\"1373\" data-end=\"1412\">Gro\u00dfz\u00fcgige R\u00e4ume, gro\u00dfe Glasfl\u00e4chen<\/strong>, \u00fcberdachte Terrasse und Carport<br data-start=\"1445\" data-end=\"1448\" \/>\u2705 <strong data-start=\"1450\" data-end=\"1474\">Begr\u00fcnte Grundst\u00fccke<\/strong>, gepflasterte Zufahrten, ruhige Lage am Waldrand<\/p>\n<p data-start=\"1527\" data-end=\"1673\">Die H\u00e4user befinden sich nur <strong data-start=\"1556\" data-end=\"1590\">300 Meter vom Thermalbad Lenti<\/strong> und dem <strong data-start=\"1599\" data-end=\"1627\">Szent Gy\u00f6rgy Energiepark<\/strong> entfernt \u2013 naturnah und doch zentral gelegen.<\/p>\n<h3 data-start=\"1680\" data-end=\"1719\">\ud83d\udc9a F\u00fcr wen eignet sich das Projekt?<\/h3>\n<ul data-start=\"1721\" data-end=\"2034\">\n<li data-start=\"1721\" data-end=\"1800\">\n<p data-start=\"1723\" data-end=\"1800\">F\u00fcr alle, die <strong data-start=\"1737\" data-end=\"1755\">Ruhe und Natur<\/strong> in Kombination mit moderner Technik suchen<\/p>\n<\/li>\n<li data-start=\"1801\" data-end=\"1873\">\n<p data-start=\"1803\" data-end=\"1873\">F\u00fcr Familien, Paare oder Senioren, die <strong data-start=\"1842\" data-end=\"1863\">nachhaltig wohnen<\/strong> m\u00f6chten<\/p>\n<\/li>\n<li data-start=\"1874\" data-end=\"1966\">\n<p data-start=\"1876\" data-end=\"1966\">F\u00fcr Menschen, die auf <strong data-start=\"1898\" data-end=\"1953\">hochwertige Materialien und durchdachte Architektur<\/strong> Wert legen<\/p>\n<\/li>\n<li data-start=\"1967\" data-end=\"2034\">\n<p data-start=\"1969\" data-end=\"2034\">F\u00fcr alle, die langfristig investieren m\u00f6chten \u2013 in Lebensqualit\u00e4t<\/p>\n<\/li>\n<\/ul>\n<h3 data-start=\"2041\" data-end=\"2082\">\ud83d\udcde Kontakt und weitere Informationen:<\/h3>\n<p data-start=\"2084\" data-end=\"2198\">\ud83c\udf10 <a class=\"decorated-link\" href=\"https:\/\/www.termalligetlenti.hu\" target=\"_new\" rel=\"noopener\" data-start=\"2087\" data-end=\"2145\">www.termalligetlenti.hu<\/a><br data-start=\"2145\" data-end=\"2148\" \/>\ud83d\udce7 <a class=\"decorated-link cursor-pointer\" rel=\"noopener\" data-start=\"2151\" data-end=\"2175\">info@liponyaklakopark.hu<\/a><br data-start=\"2175\" data-end=\"2178\" \/>\ud83d\udcde +36 30 994 5153<\/p>\n<p data-start=\"2205\" data-end=\"2359\">Wir freuen uns auf Ihren Besuch!<br data-start=\"2237\" data-end=\"2240\" \/>Kommen Sie vorbei, stellen Sie Fragen \u2013 und entdecken Sie den Ort, an dem Sie sich wirklich zuhause f\u00fchlen k\u00f6nnen. \ud83c\udf3f<\/p>\n<p data-start=\"2361\" data-end=\"2472\">#Term\u00e1lLigetLenti #Besichtigungstage #Neubauh\u00e4user #NachhaltigesWohnen #\u00d6koHaus #Lenti #Einfamilienhaus #Ungarn<\/p>\n","protected":false},"excerpt":{"rendered":"<p>\ud83c\udf42 Wir laden Sie herzlich zu unseren Besichtigungstagen im Oktober ein Wir freuen uns, Sie zu unseren n\u00e4chsten Besichtigungstagen vom<\/p>\n","protected":false},"author":2,"featured_media":1365,"comment_status":"closed","ping_status":"closed","sticky":false,"template":"","format":"standard","meta":{"rank_math_lock_modified_date":false,"footnotes":""},"categories":[5],"tags":[],"class_list":["post-1349","post","type-post","status-publish","format-standard","has-post-thumbnail","hentry","category-unkategorisiert"],"_links":{"self":[{"href":"https:\/\/termalligetlenti.hu\/de\/wp-json\/wp\/v2\/posts\/1349","targetHints":{"allow":["GET"]}}],"collection":[{"href":"https:\/\/termalligetlenti.hu\/de\/wp-json\/wp\/v2\/posts"}],"about":[{"href":"https:\/\/termalligetlenti.hu\/de\/wp-json\/wp\/v2\/types\/post"}],"author":[{"embeddable":true,"href":"https:\/\/termalligetlenti.hu\/de\/wp-json\/wp\/v2\/users\/2"}],"replies":[{"embeddable":true,"href":"https:\/\/termalligetlenti.hu\/de\/wp-json\/wp\/v2\/comments?post=1349"}],"version-history":[{"count":6,"href":"https:\/\/termalligetlenti.hu\/de\/wp-json\/wp\/v2\/posts\/1349\/revisions"}],"predecessor-version":[{"id":1386,"href":"https:\/\/termalligetlenti.hu\/de\/wp-json\/wp\/v2\/posts\/1349\/revisions\/1386"}],"wp:featuredmedia":[{"embeddable":true,"href":"https:\/\/termalligetlenti.hu\/de\/wp-json\/wp\/v2\/media\/1365"}],"wp:attachment":[{"href":"https:\/\/termalligetlenti.hu\/de\/wp-json\/wp\/v2\/media?parent=1349"}],"wp:term":[{"taxonomy":"category","embeddable":true,"href":"https:\/\/termalligetlenti.hu\/de\/wp-json\/wp\/v2\/categories?post=1349"},{"taxonomy":"post_tag","embeddable":true,"href":"https:\/\/termalligetlenti.hu\/de\/wp-json\/wp\/v2\/tags?post=1349"}],"curies":[{"name":"wp","href":"https:\/\/api.w.org\/{rel}","templated":true}]}}