{"id":1310,"date":"2024-10-02T12:27:03","date_gmt":"2024-10-02T10:27:03","guid":{"rendered":"https:\/\/termalligetlenti.hu\/?p=1310"},"modified":"2025-09-03T13:52:33","modified_gmt":"2025-09-03T11:52:33","slug":"the-building-and-enhancement-of-dream-homes-is-steadily-moving-forward","status":"publish","type":"post","link":"https:\/\/termalligetlenti.hu\/de\/the-building-and-enhancement-of-dream-homes-is-steadily-moving-forward\/","title":{"rendered":"Der Bau und die Versch\u00f6nerung der Traumh\u00e4user geht kontinuierlich weiter."},"content":{"rendered":"<p data-start=\"53\" data-end=\"445\">Die Bauarbeiten im Term\u00e1l Liget haben nun jene Phase erreicht, auf die alle zuk\u00fcnftigen Eigent\u00fcmer mit Freude gewartet haben: Das \u00e4u\u00dfere Erscheinungsbild der H\u00e4user hat endlich Gestalt angenommen, und dank des Au\u00dfenputzes strahlen die klaren, modern gestalteten Geb\u00e4ude bereits die Atmosph\u00e4re fertiger Wohnh\u00e4user aus. Die sorgf\u00e4ltig ausgew\u00e4hlten Farben und die pr\u00e4zise Ausf\u00fchrung verleihen ihnen ein elegantes, harmonisches Aussehen, das sofort ins Auge f\u00e4llt.<\/p>\n<p><img loading=\"lazy\" decoding=\"async\" class=\"alignnone size-medium wp-image-1187\" src=\"https:\/\/termalligetlenti.hu\/wp-content\/uploads\/2024\/11\/6-300x251.png\" alt=\"\" width=\"300\" height=\"251\" srcset=\"https:\/\/termalligetlenti.hu\/wp-content\/uploads\/2024\/11\/6-300x251.png 300w, https:\/\/termalligetlenti.hu\/wp-content\/uploads\/2024\/11\/6-768x644.png 768w, https:\/\/termalligetlenti.hu\/wp-content\/uploads\/2024\/11\/6.png 940w\" sizes=\"auto, (max-width: 300px) 100vw, 300px\" \/><img loading=\"lazy\" decoding=\"async\" class=\"alignnone size-medium wp-image-1196\" src=\"https:\/\/termalligetlenti.hu\/wp-content\/uploads\/2024\/11\/15-300x251.png\" alt=\"\" width=\"300\" height=\"251\" srcset=\"https:\/\/termalligetlenti.hu\/wp-content\/uploads\/2024\/11\/15-300x251.png 300w, https:\/\/termalligetlenti.hu\/wp-content\/uploads\/2024\/11\/15-768x644.png 768w, https:\/\/termalligetlenti.hu\/wp-content\/uploads\/2024\/11\/15.png 940w\" sizes=\"auto, (max-width: 300px) 100vw, 300px\" \/><img loading=\"lazy\" decoding=\"async\" class=\"alignnone size-medium wp-image-1190\" src=\"https:\/\/termalligetlenti.hu\/wp-content\/uploads\/2024\/11\/11-300x251.png\" alt=\"\" width=\"300\" height=\"251\" srcset=\"https:\/\/termalligetlenti.hu\/wp-content\/uploads\/2024\/11\/11-300x251.png 300w, https:\/\/termalligetlenti.hu\/wp-content\/uploads\/2024\/11\/11-768x644.png 768w, https:\/\/termalligetlenti.hu\/wp-content\/uploads\/2024\/11\/11.png 940w\" sizes=\"auto, (max-width: 300px) 100vw, 300px\" \/><img loading=\"lazy\" decoding=\"async\" class=\"alignnone size-medium wp-image-1290\" src=\"https:\/\/termalligetlenti.hu\/wp-content\/uploads\/2025\/09\/23-300x251.png\" alt=\"\" width=\"300\" height=\"251\" srcset=\"https:\/\/termalligetlenti.hu\/wp-content\/uploads\/2025\/09\/23-300x251.png 300w, https:\/\/termalligetlenti.hu\/wp-content\/uploads\/2025\/09\/23-768x644.png 768w, https:\/\/termalligetlenti.hu\/wp-content\/uploads\/2025\/09\/23.png 940w\" sizes=\"auto, (max-width: 300px) 100vw, 300px\" \/><img loading=\"lazy\" decoding=\"async\" class=\"alignnone size-medium wp-image-1287\" src=\"https:\/\/termalligetlenti.hu\/wp-content\/uploads\/2025\/09\/22-300x251.png\" alt=\"\" width=\"300\" height=\"251\" srcset=\"https:\/\/termalligetlenti.hu\/wp-content\/uploads\/2025\/09\/22-300x251.png 300w, https:\/\/termalligetlenti.hu\/wp-content\/uploads\/2025\/09\/22-768x644.png 768w, https:\/\/termalligetlenti.hu\/wp-content\/uploads\/2025\/09\/22.png 940w\" sizes=\"auto, (max-width: 300px) 100vw, 300px\" \/><img loading=\"lazy\" decoding=\"async\" class=\"alignnone size-medium wp-image-1284\" src=\"https:\/\/termalligetlenti.hu\/wp-content\/uploads\/2025\/09\/21-300x251.png\" alt=\"\" width=\"300\" height=\"251\" srcset=\"https:\/\/termalligetlenti.hu\/wp-content\/uploads\/2025\/09\/21-300x251.png 300w, https:\/\/termalligetlenti.hu\/wp-content\/uploads\/2025\/09\/21-768x644.png 768w, https:\/\/termalligetlenti.hu\/wp-content\/uploads\/2025\/09\/21.png 940w\" sizes=\"auto, (max-width: 300px) 100vw, 300px\" \/><img loading=\"lazy\" decoding=\"async\" class=\"alignnone size-medium wp-image-1281\" src=\"https:\/\/termalligetlenti.hu\/wp-content\/uploads\/2025\/09\/20-300x251.png\" alt=\"\" width=\"300\" height=\"251\" srcset=\"https:\/\/termalligetlenti.hu\/wp-content\/uploads\/2025\/09\/20-300x251.png 300w, https:\/\/termalligetlenti.hu\/wp-content\/uploads\/2025\/09\/20-768x644.png 768w, https:\/\/termalligetlenti.hu\/wp-content\/uploads\/2025\/09\/20.png 940w\" sizes=\"auto, (max-width: 300px) 100vw, 300px\" \/><\/p>\n<p data-start=\"509\" data-end=\"923\">Energieeffiziente D\u00e4mmungssysteme, moderne Fenster und T\u00fcren sowie haustechnische L\u00f6sungen, die erneuerbare Energien nutzen, garantieren hohen Komfort bei gleichzeitig niedrigen Betriebskosten. Diese Geb\u00e4ude entsprechen nicht nur den aktuellen Trends, sondern auch den Anforderungen der Zukunft. So stellen sie langfristig sicher, dass die Bewohner in wirklich nachhaltigen, umweltbewussten H\u00e4usern leben k\u00f6nnen.<\/p>\n<p data-start=\"925\" data-end=\"1324\">Ein weiterer Vorteil des Term\u00e1l Liget ist die ausgezeichnete Lage. Direkt neben der Wohnanlage flie\u00dft der Bach Liponyak, der eine idyllische Umgebung f\u00fcr Naturliebhaber schafft. Spazierg\u00e4nge am Bachufer, frische Luft und gr\u00fcne Umgebung tragen zur Ruhe und zum Wohlbefinden der Bewohner bei. Wer hier lebt, kann dem L\u00e4rm der Stadt leicht entfliehen und die Stille sowie die N\u00e4he zur Natur genie\u00dfen.<\/p>\n<p data-start=\"1326\" data-end=\"1783\">Dar\u00fcber hinaus befindet sich das Thermalbad von Lenti in unmittelbarer N\u00e4he der Wohnanlage \u2013 ein weiterer gro\u00dfer Vorteil f\u00fcr die Anwohner. Es ist nicht nur ideal f\u00fcr Gesundheit und Entspannung, sondern bietet auch im Alltag bequem erreichbare Freizeit- und Erholungsm\u00f6glichkeiten. Die N\u00e4he zum Thermalbad macht das Term\u00e1l Liget besonders attraktiv f\u00fcr all jene, die ein Zuhause suchen, in dem moderner Lebensstil und die Ruhe der Natur Hand in Hand gehen.<\/p>\n","protected":false},"excerpt":{"rendered":"<p>Die Bauarbeiten im Term\u00e1l Liget haben nun jene Phase erreicht, auf die alle zuk\u00fcnftigen Eigent\u00fcmer mit Freude gewartet haben: Das<\/p>\n","protected":false},"author":2,"featured_media":1070,"comment_status":"closed","ping_status":"closed","sticky":false,"template":"","format":"standard","meta":{"rank_math_lock_modified_date":false,"footnotes":""},"categories":[16,5],"tags":[],"class_list":["post-1310","post","type-post","status-publish","format-standard","has-post-thumbnail","hentry","category-news-de-2","category-unkategorisiert"],"_links":{"self":[{"href":"https:\/\/termalligetlenti.hu\/de\/wp-json\/wp\/v2\/posts\/1310","targetHints":{"allow":["GET"]}}],"collection":[{"href":"https:\/\/termalligetlenti.hu\/de\/wp-json\/wp\/v2\/posts"}],"about":[{"href":"https:\/\/termalligetlenti.hu\/de\/wp-json\/wp\/v2\/types\/post"}],"author":[{"embeddable":true,"href":"https:\/\/termalligetlenti.hu\/de\/wp-json\/wp\/v2\/users\/2"}],"replies":[{"embeddable":true,"href":"https:\/\/termalligetlenti.hu\/de\/wp-json\/wp\/v2\/comments?post=1310"}],"version-history":[{"count":3,"href":"https:\/\/termalligetlenti.hu\/de\/wp-json\/wp\/v2\/posts\/1310\/revisions"}],"predecessor-version":[{"id":1314,"href":"https:\/\/termalligetlenti.hu\/de\/wp-json\/wp\/v2\/posts\/1310\/revisions\/1314"}],"wp:featuredmedia":[{"embeddable":true,"href":"https:\/\/termalligetlenti.hu\/de\/wp-json\/wp\/v2\/media\/1070"}],"wp:attachment":[{"href":"https:\/\/termalligetlenti.hu\/de\/wp-json\/wp\/v2\/media?parent=1310"}],"wp:term":[{"taxonomy":"category","embeddable":true,"href":"https:\/\/termalligetlenti.hu\/de\/wp-json\/wp\/v2\/categories?post=1310"},{"taxonomy":"post_tag","embeddable":true,"href":"https:\/\/termalligetlenti.hu\/de\/wp-json\/wp\/v2\/tags?post=1310"}],"curies":[{"name":"wp","href":"https:\/\/api.w.org\/{rel}","templated":true}]}}